{"id":2365858,"date":"2026-08-30T21:29:24","date_gmt":"2026-08-30T19:29:24","guid":{"rendered":"https:\/\/infodienst.info\/?p=2365858"},"modified":"2026-08-30T21:58:43","modified_gmt":"2026-08-30T19:58:43","slug":"krisenticker-30-08-2026-die-erwartung-laeuft-dem-bestand-voraus-sowie-die-zuschreibung-der-leipzig-ermittlungen","status":"publish","type":"post","link":"https:\/\/infodienst.info\/?p=2365858","title":{"rendered":"Krisenticker 30.08.2026: Die Erwartung l\u00e4uft dem Bestand voraus \u2013 sowie die Zuschreibung der Leipzig-Ermittlungen"},"content":{"rendered":"<h5 style=\"text-align: left;\"><strong><span style=\"color: #000000;\">1. Der Speicher f\u00fcllt sich langsamer, als es jedes der genannten Ziele verlangt<\/span><\/strong><\/h5>\n<p style=\"text-align: left;\"><span style=\"color: #000000;\">Die europ\u00e4ische Transparenzplattform AGSI+ der Gas Infrastructure Europe weist f\u00fcr den 29. August einen F\u00fcllstand der deutschen Gasspeicher von 52,51 Prozent aus, 17,8 Prozentpunkte unter dem Wert desselben Vorjahresdatums; Ende August 2025 standen die Speicher bei rund 70,3, im August 2024 bei rund 94,9 Prozent. Am 17. August lag der Stand bei 50,06 Prozent. Die Bundesnetzagentur bewertet die Lage am Stichtag unver\u00e4ndert: \u201e<em>Die Gasversorgung in Deutschland ist stabil. Die Versorgungssicherheit ist aktuell gew\u00e4hrleistet<\/em>\u201c \u2013 zugleich l\u00e4gen die F\u00fcllst\u00e4nde \u201edeutlich niedriger als in den Vergleichszeitr\u00e4umen vergangener Jahre\u201c, das Risiko einer angespannten Versorgung sei nach derzeitigem Kenntnisstand gering. Die Fr\u00fchwarnstufe des Notfallplans Gas gilt seit dem 1. Juli 2025 fort; als \u00fcberwachte Vorgabe nennt die Beh\u00f6rde auf ihrer Lageseite ausschlie\u00dflich 30 Prozent zum 1. Februar 2027. Der niederl\u00e4ndische Terminkontrakt TTF schloss am Freitag, dem 28. August, bei 66,47 Euro je Megawattstunde \u2013 2,63 Prozent unter dem Vortag, aber 9,75 Prozent \u00fcber dem Monatsanfang und 110,2 Prozent \u00fcber dem Vorjahreswert. Die europ\u00e4ischen Speicher standen am 24. August bei 62,99 Prozent gegen\u00fcber einem F\u00fcnfjahresschnitt von 79 Prozent. Am Stichtag lag der deutsche Day-Ahead-Preis der Stromb\u00f6rse im Tagesmittel bei 75,60 Euro je Megawattstunde, mit einem negativen Wert von minus 1,20 Euro um 14:00 Uhr und 212,30 Euro um 20:45 Uhr.<\/span><\/p>\n<p style=\"text-align: left;\"><span style=\"color: #000000;\"><strong>Indizien.<\/strong> Der Gesch\u00e4ftsf\u00fchrer der Initiative Energien Speichern, Sebastian Heinermann, erkl\u00e4rte am 29. August, bei gleichbleibendem Einspeichertempo werde Deutschland die gesetzlichen Speichervorgaben zum 1. November nicht erreichen; die Fehlmenge gegen\u00fcber dem Vorjahr beziffert er auf rund 45 Terawattstunden. Nach Angaben der Bundesnetzagentur sind 76 Prozent der Speicherkapazit\u00e4t kommerziell f\u00fcr die Winterversorgung gebucht. Eine staatlich kontrollierte strategische Reserve von 24 Terawattstunden ist erst f\u00fcr 2027\/28 vorgesehen.<\/span><br \/>\n<span style=\"color: #000000;\"><strong>Interpretation.<\/strong> Aus den Werten des 17. und 29. August ergibt sich eine Nettoeinspeicherung von rund 0,20 Prozentpunkten am Tag (eigene Berechnung). Bis zum 1. November verbleiben 64 Tage: F\u00fcr 70 Prozent w\u00e4ren rund 0,27 Prozentpunkte t\u00e4glich n\u00f6tig, f\u00fcr 80 Prozent rund 0,43. Damit ist gegen\u00fcber der Vorausgabe eine Schwelle \u00fcberschritten \u2013 am 23. August war das untere Ende des Regierungsziels bei gleichbleibender Rate noch erreichbar, am Stichtag ist es keines der genannten Ziele mehr. Welche Vorgabe zum 1. November \u00fcberhaupt gilt, ist in den Quellen nicht deckungsgleich: Die Berichterstattung f\u00fchrt 70 Prozent, die Wiedergabe der Gasspeicherverordnung 80 Prozent mit abgesenkten Schwellenwerten von 45 Prozent f\u00fcr sechs Standorte, die Aufsicht selbst nennt nur den Februarwert. Hier wird die Bandbreite gef\u00fchrt und nicht gemittelt; die Kl\u00e4rung ist ein Pr\u00fcfauftrag. F\u00fcr die Zielgruppe bleibt der Preis das Signal, nicht die Menge: Wer im vierten Quartal Erdgas oder Fernw\u00e4rme beschafft, kalkuliert gegen einen Markt, der binnen zw\u00f6lf Monaten um mehr als das Doppelte gestiegen ist, w\u00e4hrend der Strommarkt am selben Tag zwischen einem negativen Mittagswert und dem Dreifachen des Tagesmittels am Abend schwankt. Der Preisaufschlag ist nicht deutsch verursacht: Treiber bleibt die Stra\u00dfe von Hormus, \u00fcber die rund ein F\u00fcnftel des weltweiten Fl\u00fcssiggashandels l\u00e4uft.<\/span><\/p>\n<h5 style=\"text-align: left;\"><strong><span style=\"color: #000000;\">2. Moskau k\u00fcndigt die Schl\u00e4ge an, die Kiew l\u00e4ngst f\u00fchrt \u2013 und ein Kernkraftwerk l\u00e4uft im zehnten Tag am Notstromdiesel<\/span><\/strong><\/h5>\n<p style=\"text-align: left;\"><span style=\"color: #000000;\">Das russische Verteidigungsministerium erkl\u00e4rte am 30. August, die Streitkr\u00e4fte bereiteten \u201emassive Schl\u00e4ge\u201c gegen ukrainische Energieanlagen vor \u2013 als Antwort auf ukrainische Angriffe auf den russischen Brennstoff- und Energiekomplex. In der Nacht zum 29. August setzte Russland nach Erhebung des Institute for the Study of War in einer \u00fcber 28 Stunden laufenden Serie mehr als 550 Loitering Munitions und Angriffsdrohnen ein; die ukrainische Luftwaffe fing nach dieser Erhebung rund 86 Prozent der Angriffsdrohnen ab. Beim Treffer auf ein Munitionslager bei Myla in der Oblast Kiew am 28. August l\u00f6ste eine Kettendetonation aus; die Zahl der Toten stieg von mindestens 37 auf 38 bei vier Vermissten, rund 130 Wohngeb\u00e4ude und ein Pflegeheim wurden besch\u00e4digt, 381 Menschen evakuiert. Der ukrainische Inlandsgeheimdienst ermittelt wegen m\u00f6glicher unzul\u00e4ssiger Lagerung in Wohnn\u00e4he. In der Nacht zum 30. August best\u00e4tigte der ukrainische Generalstab Schl\u00e4ge auf die Raffinerie Kirischi in der Oblast Leningrad \u2013 nach eigener Angabe die zweitgr\u00f6\u00dfte Russlands mit rund 20 Millionen Tonnen Jahreskapazit\u00e4t \u2013, auf den Flugplatz Jejsk und ein Drohnenlager bei Millerowo; der Gouverneur der Oblast Leningrad best\u00e4tigte Br\u00e4nde. Die Internationale Atomenergie-Organisation meldet f\u00fcr das besetzte Kernkraftwerk Saporischschja den zehnten Tag ohne externe Stromversorgung \u2013 der 27. Ausfall seit Februar 2022 \u2013, Betrieb \u00fcber Notstromdiesel, Vorrat vor Ort f\u00fcr rund zehn Tage; Lieferungen am 27. und 28. August kamen von einem Ausweichlager, das prim\u00e4re Treibstofflager liefert seit rund sechs Monaten nicht.<\/span><\/p>\n<p style=\"text-align: left;\"><span style=\"color: #000000;\"><strong>Indizien.<\/strong> Im August 2026 z\u00e4hlt eine Auswertung 21 ukrainische Schl\u00e4ge gegen russische Raffinerien, mehr als in jedem Monat seit Beginn der Vollinvasion; der russische Raffineriedurchsatz liegt bei rund 3,8 Millionen Barrel am Tag gegen\u00fcber 5,3 bis 5,5 im Sommernormalfall. Die russische Regierung verl\u00e4ngerte das Exportverbot f\u00fcr Diesel, Schiffs- und Gas\u00f6l bis zum 30. September. Kremlsprecher Dmitri Peskow bezeichnete die Friedensgespr\u00e4che am 28. August als \u201e<em>in einer tiefen Pause<\/em>\u201c.<\/span><br \/>\n<span style=\"color: #000000;\"><strong>Interpretation.<\/strong> Die Ank\u00fcndigung selbst ist belegt, weil sie vom Absender stammt; belegt ist auch die Symmetrie, die sie beansprucht: Beide Seiten zielen inzwischen auf die Erwerbs- und Versorgungsgrundlage. Neu gegen\u00fcber der Vorausgabe ist die Richtung \u2013 am 23. August drohte Moskau der ukrainischen Wirtschaft allgemein, am 30. August benennt das Verteidigungsministerium die Energieanlagen. Als konkurrierende Erkl\u00e4rung kommt weiter in Betracht, dass die Ank\u00fcndigung ein Verhandlungssignal vor der Duma-Wahl am 20. September ist; das unterscheidende Merkmal w\u00e4ren Treffer auf ukrainische Umspannwerke und Kraftwerke vor Beginn der Heizperiode. F\u00fcr Europa l\u00e4uft der Wirkungspfad \u00fcber den Produktmarkt und \u00fcber Saporischschja: Ein Dieselvorrat von zehn Tagen bei einer Nachlieferung aus einem Ausweichlager ist keine Redundanz, sondern eine Frist.<\/span><\/p>\n<h5 style=\"text-align: left;\"><strong><span style=\"color: #000000;\">3. Die Zuschreibung des Leipziger Drohnenanschlags erreicht die Politik vor der Ermittlung<\/span><\/strong><\/h5>\n<p style=\"text-align: left;\"><span style=\"color: #000000;\">Am 29. August berichteten die \u201eWelt am Sonntag\u201c und das Portal Politico unter Berufung auf drei mit dem Vorgang vertraute Personen, die Bundesregierung mache Russland f\u00fcr den Drohnenanschlag am Flughafen Leipzig\/Halle verantwortlich. Ein Regierungssprecher antwortete darauf: \u201e<em>Die Bundesregierung beteiligt sich nicht an Spekulationen. Relevant ist allein die offizielle Zuordnung, die die Bundesregierung nach eigenem Ermessen und unter Abw\u00e4gung aller Ermittlungsergebnisse vornimmt.<\/em>\u201c Bundeskanzler Friedrich Merz hatte am 27. August angek\u00fcndigt, die Verantwortlichen in den n\u00e4chsten Tagen zu benennen; Bundesinnenminister Alexander Dobrindt sprach bislang von \u201e<em>fremden M\u00e4chten<\/em>\u201c. Angek\u00fcndigt ist eine Kombination aus deutschen Direktma\u00dfnahmen und neuen Sanktionen der Europ\u00e4ischen Union, zeitlich parallel zum Treffen der EU-Au\u00dfenminister am Dienstag, dem 1. September. Der Generalbundesanwalt f\u00fchrt das Verfahren seit dem 6. August wegen versuchten Herbeif\u00fchrens einer Sprengstoffexplosion und gef\u00e4hrlichen Eingriffs in den Luftverkehr; polizeilich ermitteln das Bundeskriminalamt und das Landeskriminalamt Sachsen. Der Vorfall selbst datiert auf die Nacht zum 5. August \u2013 der \u00d6sterreichische Rundfunk nennt den 4. August \u2013, gefunden wurden eine Drohne mit einer Sprengvorrichtung, Hinweise auf Semtex in einer Konservendose und ein defekter Z\u00fcnder; am 25. August wurde eine dritte Drohne gemeldet. Gesichert ist eine DNS-Spur, die mit einem Brandanschlag auf ein Logistikzentrum im Juli 2024 \u00fcbereinstimmen soll und in Litauen registriert ist, bislang aber keiner Person zugeordnet wurde. Festnahmen gibt es nicht. Parallel zog die Bundeswehr am 29. August aus dem bestehenden Rahmenvertrag der europ\u00e4ischen R\u00fcstungsagentur OCCAR eine Option f\u00fcr 35 weitere Radsch\u00fctzenpanzer \u201eSchakal\u201c und hebt den Bestand von 150 auf 185; die Niederlande gehen von 72 auf 106, das Gesamtprogramm umfasst 291 Fahrzeuge, die Auslieferung der Option ist f\u00fcr 2032 bis 2033 vorgesehen.<\/span><\/p>\n<p style=\"text-align: left;\"><span style=\"color: #000000;\"><strong>Interpretation.<\/strong> Der Vorgang geh\u00f6rt auf die Attributionsstufe \u201ezugeschrieben\u201c, und zwar in einer besonderen Konstellation: Absender der Zuschreibung sind nicht die Ermittlungsbeh\u00f6rden, sondern ungenannte Personen im Umfeld der Regierung, wiedergegeben von zwei Medien; die Bundesregierung selbst weist die Vorwegnahme ausdr\u00fccklich zur\u00fcck und beh\u00e4lt sich die Zuordnung vor. Damit steht am Stichtag eine politische Festlegung vor einer offengelegten Beleggrundlage. Die Interessenpr\u00fcfung f\u00e4llt eindeutig aus: Eine Zuschreibung, die zwei Tage vor dem Au\u00dfenministertreffen in die \u00d6ffentlichkeit gelangt, senkt die Begr\u00fcndungslast f\u00fcr das Sanktionspaket, das dort verhandelt wird \u2013 das macht sie nicht falsch, wohl aber erkl\u00e4rungsbed\u00fcrftig in ihrem Zeitpunkt. Die Nullhypothese l\u00e4uft mit und ist nicht fernliegend: ein nicht-staatlicher T\u00e4ter oder ein angeworbener Einzelner ohne nachweisbaren Auftrag, wie ihn die Serie vereitelter Anschl\u00e4ge in Europa mehrfach gezeigt hat. Das unterscheidende Merkmal w\u00e4re die Zuordnung der litauischen DNS-Spur zu einer Person mit belegter Anbindung an einen staatlichen Auftraggeber. F\u00fcr die Zielgruppe z\u00e4hlt beides gleich: Wer Liegenschaften an oder nahe Verkehrsflugh\u00e4fen betreibt, muss die Drohnenabwehr unabh\u00e4ngig davon planen, wessen Auftrag am Ende festgestellt wird. Die Beschaffungsentscheidung desselben Tages geh\u00f6rt in dieselbe Lage, nicht in dieselbe Wirkung: 35 Fahrzeuge mit Auslieferung ab 2032 beantworten keine Bedrohung des Jahres 2026.<\/span><\/p>\n<h5 style=\"text-align: left;\"><strong><span style=\"color: #000000;\">4. Die Arbeitslosigkeit \u00fcberschreitet drei Millionen, w\u00e4hrend die Stimmungsindikatoren steigen<\/span><\/strong><\/h5>\n<p style=\"text-align: left;\"><span style=\"color: #000000;\">Die Bundesagentur f\u00fcr Arbeit meldete am 28. August f\u00fcr August 3,061 Millionen Arbeitslose, 54.000 mehr als im Juli und 36.000 mehr als ein Jahr zuvor; die Quote stieg um 0,1 Punkte auf 6,5 Prozent. Gemeldet waren 656.000 offene Stellen, 25.000 mehr als im Vorjahr. Die sozialversicherungspflichtige Besch\u00e4ftigung lag bei 34,81 Millionen und damit 73.000 unter dem Vorjahreswert. Vorstandsvorsitzende Andrea Nahles erkl\u00e4rte, der Arbeitsmarkt zeige \u201e\u00fcber die saisonalen Muster hinaus wenig Dynamik\u201c. Auf dem Ausbildungsmarkt standen 433.000 Bewerbern seit Oktober 2025 nur 156.000 Vermittlungen gegen\u00fcber, 11.000 weniger als im Vorjahr, bei 116.000 unbesetzten Stellen. Das Statistische Bundesamt wies am selben Tag f\u00fcr Juli 45,48 Millionen Erwerbst\u00e4tige aus, 223.000 oder 0,5 Prozent weniger als ein Jahr zuvor. Gegenl\u00e4ufig verliefen die Erwartungsgr\u00f6\u00dfen: Der ifo-Gesch\u00e4ftsklimaindex stieg am 25. August von 86,7 auf 88,8 Punkte, das Konsumklima des N\u00fcrnberg Institut f\u00fcr Marktentscheidungen legte f\u00fcr September um 2,8 auf minus 26,6 Punkte zu, das Bruttoinlandsprodukt des zweiten Quartals wurde auf plus 0,3 Prozent nach oben revidiert, und die Reall\u00f6hne stiegen um 1,5 Prozent bei nominal 4,1 Prozent. Bei Volkswagen fanden die au\u00dferordentlichen Betriebsversammlungen am 26. August in Emden und Zwickau und am 27. August in Wolfsburg statt, die Dresdner wurde einvernehmlich abgesagt. Konzernchef Oliver Blume k\u00fcndigte an, die Managementbelegschaft um rund ein Viertel zu verkleinern, den Schwerpunkt der Einsparungen au\u00dferhalb der Fahrzeugfertigung zu setzen und den Abbau \u00fcber Freiwilligkeit zu f\u00fchren; vier deutsche Standorte h\u00e4tten f\u00fcr die 2030er Jahre keine wettbewerbsf\u00e4hige Auslastung, belastbare Perspektiven werde es binnen sechs bis zw\u00f6lf Monaten geben. Betriebsratsvorsitzende Daniela Cavallo hielt dagegen: \u201e<em>Mit einem CEO, der seinen Leuten nicht sagt, was ist, l\u00e4sst sich nicht arbeiten.<\/em>\u201c<\/span><\/p>\n<p style=\"text-align: left;\"><span style=\"color: #000000;\"><strong>Interpretation.<\/strong> Der Widerspruch zwischen beiden Zahlenreihen ist keiner. Die Bundesagentur und das Statistische Bundesamt messen Best\u00e4nde, das ifo-Institut und das Konsumklima messen Erwartungen; beide Aussagen sind zutreffend, die eine beschreibt, was ist, die andere, was erwartet wird. F\u00fcr die Fr\u00fchwarnung ist die Reihenfolge das Signal: Steigende Erwartungen bei fallender Besch\u00e4ftigung sind der Normalfall am Beginn einer Erholung \u2013 und der Normalfall vor einer Entt\u00e4uschung. Belastbar ist daneben, dass die Drei-Millionen-Marke im August saisonal beg\u00fcnstigt \u00fcberschritten wurde und nicht im Winter. Die kursierende Zahl von 115.000 wegfallenden Stellen bei Volkswagen ist eine Worst-Case-Rechnung des Betriebsrats aus rund 50.000 bereits vereinbarten, rund 25.000 weiteren und rund 40.000 bei ausbleibender Nachfolgeproduktion \u2013 eine Verhandlungsposition, keine Planungsgr\u00f6\u00dfe; Blumes Zusage einer Perspektive binnen sechs bis zw\u00f6lf Monaten ist die Gegenposition und ebenso wenig ein Ergebnis. Die Versammlungen endeten ohne Standortentscheidung.<\/span><\/p>\n<h5 style=\"text-align: left;\"><strong><span style=\"color: #000000;\">Lageeinsch\u00e4tzung<\/span><\/strong><\/h5>\n<p style=\"text-align: left;\"><span style=\"color: #000000;\">Die vier Vorg\u00e4nge teilen einen Mechanismus: Die Erwartung l\u00e4uft dem gemessenen Bestand voraus. Der Markt bepreist einen Winter, den der Speicherstand noch nicht abbildet; das Verteidigungsministerium k\u00fcndigt Schl\u00e4ge an, die es noch nicht gef\u00fchrt hat; die Regierung wird mit einer Zuschreibung zitiert, die die Ermittlung noch nicht tr\u00e4gt; und die Stimmungsindikatoren steigen, w\u00e4hrend Besch\u00e4ftigung und Erwerbst\u00e4tigkeit fallen. Wo Erwartungsgr\u00f6\u00dfen die Lage bestimmen, verschiebt sich die Fr\u00fchwarnung von der Meldung auf die Differenz zwischen Ank\u00fcndigung und Bestand \u2013 und diese Differenz ist am Stichtag in allen vier F\u00e4llen gro\u00df. F\u00fcr die Zielgruppe folgt daraus eine praktische Regel: Beschaffungs- und Schutzentscheidungen sind gegen den Bestand zu treffen, nicht gegen die Ansage. Die Konfidenz f\u00fcr diesen Befund ist hoch bei Gas, Arbeitsmarkt und Saporischschja, mittel bei der Leipziger Zuschreibung, deren Aufl\u00f6sung binnen Tagen erwartbar ist.<\/span><\/p>\n<h5 style=\"text-align: left;\"><strong><span style=\"color: #000000;\">Horizon Scanning \u2013 Schwache Signale<\/span><\/strong><\/h5>\n<p style=\"text-align: left;\"><strong><span style=\"color: #000000;\">Ein Cybersicherheitsgesetz, das die Aufsicht mit 21 Stellen ausstattet und die Strafverfolgung mit 264 Stellen<\/span><\/strong><\/p>\n<p style=\"text-align: left;\"><span style=\"color: #000000;\">Der Entwurf eines Gesetzes zur St\u00e4rkung der Cybersicherheit, Bundestagsdrucksache 21\/6585 vom 19. Juni 2026, weist im Erf\u00fcllungsaufwand aus: 264 Stellen f\u00fcr das Bundeskriminalamt (49 im h\u00f6heren, 215 im gehobenen Dienst) mit 33,94 Millionen Euro Personal- und 5 Millionen Euro Sachmitteln, 90 Planstellen f\u00fcr die Bundespolizei aufwachsend bis 2031 \u2013 und 21 Stellen f\u00fcr das Bundesamt f\u00fcr Sicherheit in der Informationstechnik mit rund 3 Millionen Euro. Das Verh\u00e4ltnis betr\u00e4gt 12,6 zu 1 zugunsten der Strafverfolgung. Die Gegenzahl liefert der Bundesrechnungshof: F\u00fcr fl\u00e4chendeckende Pr\u00fcfungen beziffert das Bundesamt seinen Eigenbedarf auf 112 Stellen, besetzt sind drei; weniger als zehn Prozent der rund 100 Rechenzentren des Bundes erf\u00fcllen die eigenen Mindeststandards, und von elf befragten Beh\u00f6rden mit kritischen Staatsfunktionen verf\u00fcgen vier \u00fcber keine Redundanz, sondern nur \u00fcber Sicherungskopien, deren Wiederherstellung nicht getestet wird. Neu im Gesetzestext sind die Begriffe \u201e<em>gefahrgegenst\u00e4ndliche Daten<\/em>\u201c, \u201e<em>Prepositioning<\/em>\u201c und \u201e<em>malizi\u00f6se Domains<\/em>\u201c; an sie kn\u00fcpfen Befugnisse zur Untersagung des Betriebs eines IT-Systems sowie zur Umleitung und Unterbindung von Datenverkehr ohne Wissen der Betroffenen. Betroffen sind Betreiber kritischer Infrastrukturen mit einer Umsetzungsfrist von zw\u00f6lf Monaten, Bundesbeh\u00f6rden mit eigenen Rechenzentren und Telekommunikationsanbieter.<\/span><\/p>\n<p style=\"text-align: left;\"><strong><span style=\"color: #000000;\">Die Bundeswehr verliert ihr Zivilpersonal schneller, als sie es ersetzt<\/span><\/strong><\/p>\n<p style=\"text-align: left;\"><span style=\"color: #000000;\">Die Antwort der Bundesregierung auf eine Kleine Anfrage zum Personalmangel der Bundeswehr, Bundestagsdrucksache 21\/5245 vom 7. April 2026, nennt Zahlen, die in der Debatte \u00fcber Wehrdienst und Truppenst\u00e4rke nicht vorkommen: 30.600 zivile Besch\u00e4ftigte schieden zwischen 2020 und 2025 aus, 21.000 weitere altersbedingte Abg\u00e4nge sind bis 2035 prognostiziert, 2.100 zivile Beamte gingen vorzeitig in den Ruhestand \u2013 und nur 1.607 ehemalige Soldaten wurden im selben Zeitraum als zivile Besch\u00e4ftigte \u00fcbernommen, eine Kompensation von rund f\u00fcnf Prozent. Milit\u00e4risch f\u00fchrt dieselbe Antwort 181.174 Soldatinnen und Soldaten f\u00fcr Dezember 2024 gegen\u00fcber einer Zielmarke von 203.000 f\u00fcr 2031 und 24.258 unbesetzte Dienstposten bei Unteroffizieren und Offizieren. Das Zivilpersonal tr\u00e4gt Beschaffung, Instandsetzung, Infrastruktur und Liegenschaftsverwaltung; es ist damit genau die Kapazit\u00e4t, die den Aufwuchs des Verteidigungshaushalts abarbeiten m\u00fcsste. Betroffen sind das Beschaffungsamt, die Infrastrukturverwaltung, die Instandsetzungsbetriebe und die R\u00fcstungsindustrie als Vertragspartner einer schrumpfenden Vergabestelle.<\/span><\/p>\n<p style=\"text-align: left;\"><strong><span style=\"color: #000000;\">Der Netzreservebedarf steigt das dritte Jahr in Folge, ein Drittel ist nicht kontrahiert<\/span><\/strong><\/p>\n<p style=\"text-align: left;\"><span style=\"color: #000000;\">Die Bundesnetzagentur stellte am 22. Mai 2026 den Netzreservebedarf fest: 7.407 Megawatt f\u00fcr das Winterhalbjahr 2026\/2027 nach 6.493 Megawatt im Vorjahr und 8.274 Megawatt in der Prognose f\u00fcr 2028\/2029 \u2013 ein Anstieg um 914 Megawatt oder 14,1 Prozent binnen eines Jahres in einem Instrument, das als \u00dcbergangsl\u00f6sung angelegt ist. Gedeckt sind 4.625 Megawatt durch inl\u00e4ndische Netzreservekraftwerke und 1.196 Megawatt aus der Kapazit\u00e4tsreserve; in der robusten Betrachtung tragen ausl\u00e4ndische Anlagen 495 Megawatt. Ungedeckt bleiben 2.665 Megawatt, rund ein Drittel des Bedarfs, f\u00fcr die ein Interessenbekundungsverfahren im Ausland erforderlich ist. Der Bericht rechnet mit 28,6 Prozent durchschnittlicher Nichtverf\u00fcgbarkeit der Marktkraftwerke und benennt als Strukturursache das geografische Ungleichgewicht zwischen den Windstandorten im Norden und den Verbrauchszentren im S\u00fcden. Betroffen sind \u00dcbertragungsnetzbetreiber \u00fcber die Redispatch-Kosten, stromintensive Industrie in S\u00fcddeutschland \u00fcber die Netzentgeltw\u00e4lzung und die Anrainerstaaten, deren Kraftwerksleistung kontrahiert werden soll.<\/span><\/p>\n<h5 style=\"text-align: left;\"><strong><span style=\"color: #000000;\">Watchlist 7\u201330 Tage<\/span><\/strong><\/h5>\n<ul>\n<li style=\"text-align: left;\"><span style=\"color: #000000;\"><strong>Gasspeicher.<\/strong> Trigger f\u00fcr Neubewertung: eine Nettoeinspeicherung unter 0,15 Prozentpunkten je Tag \u00fcber eine volle Woche oder eine \u00c4nderung der Gasspeicherf\u00fcllstandsverordnung. Entwarnung g\u00e4be eine Rate \u00fcber 0,30 Prozentpunkte. Pr\u00fcfintervall werkt\u00e4glich (Bundesnetzagentur, AGSI+). Offen und zu kl\u00e4ren ist die f\u00fcr den 1. November geltende Vorgabe.<\/span><\/li>\n<li style=\"text-align: left;\"><span style=\"color: #000000;\"><strong>Leipzig-Zuschreibung.<\/strong> Das Treffen der EU-Au\u00dfenminister am 1. September ist der n\u00e4chste Termin. Trigger w\u00e4re eine amtliche Attribution durch die Bundesregierung oder eine Festnahme; Entwarnung eine Einstellung der Ermittlungsrichtung gegen staatliche Akteure.<\/span><\/li>\n<li style=\"text-align: left;\"><span style=\"color: #000000;\"><strong>Saporischschja.<\/strong> Der Dieselvorrat reicht nach Angaben der Atomenergie-Organisation rund zehn Tage. Trigger w\u00e4re das Ausbleiben einer Nachlieferung oder der Ausfall eines Notstromaggregats; Entwarnung die Wiederherstellung der externen Stromversorgung.<\/span><\/li>\n<li style=\"text-align: left;\"><span style=\"color: #000000;\"><strong>Pegel Kaub \u2013 Fortschreibung.<\/strong> Am 30. August um 11:00 Uhr standen 71 Zentimeter, die amtlichen Statusfelder stehen auf \u201enormal\u201c, die Vorhersage bewegt sich zwischen 66 und 78 Zentimetern. Das Rekordtief von 8 Zentimetern datiert auf den 14. August und ist \u00fcberholt; kursierende Meldungen dar\u00fcber sind zum Stichtag nicht mehr g\u00fcltig. Trigger w\u00e4re ein erneuter R\u00fcckgang unter 40 Zentimeter, Entwarnung ein Wochenmittel \u00fcber 80.<\/span><\/li>\n<li style=\"text-align: left;\"><span style=\"color: #000000;\"><strong>Stra\u00dfe von Hormus.<\/strong> Der Lagebericht der britischen Meldestelle UKMTO vom 28. August z\u00e4hlt f\u00fcr die sieben Tage bis zum 27. August 101 auslaufende und 103 einlaufende vollst\u00e4ndige Durchfahrten, kumuliert seit dem 28. Februar 1.270 und 1.010; der AIS-Verkehr liegt rund 90 Prozent unter der Vorkonfliktlinie, die Bedrohungsstufe steht auf \u201esevere\u201c, gez\u00e4hlt sind 25 Verletzte und Tote sowie drei best\u00e4tigte Totalverluste. Trigger w\u00e4re ein Wochenwert unter 150 Durchfahrten oder ein weiterer Totalverlust mit Ladung.<\/span><\/li>\n<li style=\"text-align: left;\"><span style=\"color: #000000;\"><strong>Cyber Resilience Act.<\/strong> Ab dem 11. September gilt f\u00fcr Hersteller von Produkten mit digitalen Elementen eine Erstmeldefrist von 24 Stunden bei aktiv ausgenutzten Schwachstellen, gefolgt von 72 Stunden und 14 Tagen; die Meldeplattform betreibt die europ\u00e4ische Agentur ENISA, nicht das Bundesamt f\u00fcr Sicherheit in der Informationstechnik, und die Frist f\u00fcr eine ausreichende Zahl notifizierter Stellen l\u00e4uft erst zum 11. Dezember. Trigger w\u00e4re die erste Meldewelle oder eine \u00dcbergangsnachsicht der Kommission. Pr\u00fcfintervall w\u00f6chentlich.<\/span><\/li>\n<li style=\"text-align: left;\"><span style=\"color: #000000;\"><strong>Landtagswahl Sachsen-Anhalt am 6. September.<\/strong> Die Forschungsgruppe Wahlen misst zwischen dem 25. und 27. August 40 Prozent f\u00fcr die AfD und 23 f\u00fcr die CDU, Infratest dimap f\u00fcr den 24. und 25. August 42 zu 22. Trigger bleibt eine absolute Mehrheit bei einem zweiten, unabh\u00e4ngigen Institut.<\/span><br \/>\n<span style=\"color: #000000;\">Volkswagen. Die Versammlungen endeten ohne Standortentscheidung, zugesagt sind Perspektiven binnen sechs bis zw\u00f6lf Monaten. Trigger w\u00e4re die Benennung eines der vier gepr\u00fcften Standorte oder ein Verhandlungsabbruch.<\/span><\/li>\n<\/ul>\n<h5 style=\"text-align: left;\"><strong><span style=\"color: #000000;\">Presseschau\/Schlagzeilen des Tages, 30.08.2026<\/span><\/strong><\/h5>\n<p style=\"text-align: left;\"><em><span style=\"color: #000000;\">Erfassungsfenster 29.\u201330.08.2026. Materialschau, keine Analyse.<\/span><\/em><\/p>\n<p style=\"text-align: left;\"><strong><span style=\"color: #000000;\">Milit\u00e4r und Krieg<\/span><\/strong><\/p>\n<ul>\n<li style=\"text-align: left;\"><span style=\"color: #000000;\">Viele Tote nach Angriff auf Munitionsdepot (<a href=\"https:\/\/orf.at\/stories\/3440582\/\" target=\"_blank\" rel=\"noopener\">ORF<\/a>).<\/span><\/li>\n<li style=\"text-align: left;\"><span style=\"color: #000000;\">Schnell und beweglich: Bundeswehr bestellt mehr \u201eSchakale\u201c f\u00fcr die NATO-Ostflanke (<a href=\"https:\/\/de.euronews.com\/my-europe\/2026\/08\/29\/bundeswehr-schakale-nato-ostflanke\" target=\"_blank\" rel=\"noopener\">Euronews<\/a>).<\/span><\/li>\n<li style=\"text-align: left;\"><span style=\"color: #000000;\">Russland: Dunkles Kaliningrad-Szenario \u2013 Putin bereitet neue Eskalation vor (<a href=\"https:\/\/www.t-online.de\/nachrichten\/ausland\/internationale-politik\/id_101411056\/russland-dunkles-kaliningrad-szenario-putin-bereitet-neue-eskalation-vor.html\" target=\"_blank\" rel=\"noopener\">t-online<\/a>).<\/span><\/li>\n<li style=\"text-align: left;\"><span style=\"color: #000000;\">Milit\u00e4rquelle: Angreifer nehmen Flughafen und TV-Sender im Niger ein (<a href=\"https:\/\/www.nau.ch\/news\/ausland\/militarquelle-angreifer-nehmen-flughafen-und-tv-sender-im-niger-ein-67168005\" target=\"_blank\" rel=\"noopener\">nau.ch<\/a>).<\/span><\/li>\n<li style=\"text-align: left;\"><span style=\"color: #000000;\">Marketing-Messe der Militaristen (<a href=\"https:\/\/www.nachdenkseiten.de\/?p=155507\" target=\"_blank\" rel=\"noopener\">NachDenkSeiten<\/a>).<\/span><\/li>\n<\/ul>\n<p style=\"text-align: left;\"><strong><span style=\"color: #000000;\">Politik, Geopolitik und Diplomatie<\/span><\/strong><\/p>\n<ul>\n<li style=\"text-align: left;\"><span style=\"color: #000000;\">T\u00fcrkei bestellt ukrainischen Botschafter wegen Angriffen im Schwarzen Meer ein (<a href=\"https:\/\/turkishminute.com\/2026\/08\/29\/turkey-summons-ukrainian-ambassador-over-black-sea-attacks\/\" target=\"_blank\" rel=\"noopener\">Turkish Minute<\/a>).<\/span><\/li>\n<li style=\"text-align: left;\"><span style=\"color: #000000;\">Island lehnt EU-Referendum nach knappem Kopf-an-Kopf-Rennen ab (<a href=\"https:\/\/www.t-online.de\/nachrichten\/ausland\/internationale-politik\/id_101411656\/island-lehnt-eu-refendum-nach-knappem-kopf-an-kopf-rennen-ab-.html\" target=\"_blank\" rel=\"noopener\">t-online<\/a>).<\/span><\/li>\n<li style=\"text-align: left;\"><span style=\"color: #000000;\">Mark Rutte gibt Polen Lageeinsch\u00e4tzung f\u00fcr die Region (<a href=\"https:\/\/de.euronews.com\/my-europe\/2026\/08\/29\/mark-rutte-polen-lageeinschatzung\" target=\"_blank\" rel=\"noopener\">Euronews<\/a>).<\/span><\/li>\n<li style=\"text-align: left;\"><span style=\"color: #000000;\">Trump ignorierte Geheimdienste vor Iran-Krieg (<a href=\"https:\/\/www.nau.ch\/news\/amerika\/trump-ignorierte-geheimdienste-vor-iran-krieg-67168109\" target=\"_blank\" rel=\"noopener\">nau.ch<\/a>).<\/span><\/li>\n<li style=\"text-align: left;\"><span style=\"color: #000000;\">\u201eAfD bestimmt alle unsere Gespr\u00e4che\u201c, mahnt Merkel (<a href=\"https:\/\/jungefreiheit.de\/politik\/deutschland\/2026\/afd-bestimmt-alle-unsere-gespraeche-mahnt-merkel\/\" target=\"_blank\" rel=\"noopener\">Junge Freiheit<\/a>).<\/span><\/li>\n<\/ul>\n<p style=\"text-align: left;\"><strong><span style=\"color: #000000;\">Sicherheit und Kriminalit\u00e4t Inland<\/span><\/strong><\/p>\n<ul>\n<li style=\"text-align: left;\"><span style=\"color: #000000;\">Messerangriff in Rosenheim: 31-J\u00e4hrige stirbt \u2013 27-J\u00e4hriger festgenommen (<a href=\"https:\/\/www.t-online.de\/nachrichten\/panorama\/kriminalitaet\/id_101411600\/messerangriff-in-rosenheim-31-jaehrige-stirbt-27-jaehriger-festgenommen.html\" target=\"_blank\" rel=\"noopener\">t-online<\/a>).<\/span><\/li>\n<li style=\"text-align: left;\"><span style=\"color: #000000;\">Motiv unklar \u2013 Sch\u00fcsse in Aarau: Fahndung l\u00e4uft weiter auf Hochtouren (<a href=\"https:\/\/www.srf.ch\/news\/schweiz\/motiv-unklar-schuesse-in-aarau-fahndung-laeuft-weiter-auf-hochtouren\" target=\"_blank\" rel=\"noopener\">SRF<\/a>).<\/span><\/li>\n<li style=\"text-align: left;\"><span style=\"color: #000000;\">Extremismus: Derad-Entscheidung verwundert Fachleute (<a href=\"https:\/\/orf.at\/stories\/3440597\/\" target=\"_blank\" rel=\"noopener\">ORF<\/a>).<\/span><\/li>\n<li style=\"text-align: left;\"><span style=\"color: #000000;\">Rapper ruft bei Linken-Wahlkampf zu Gewalt gegen Israel auf (<a href=\"https:\/\/www.berliner-zeitung.de\/article\/rapper-linke-wahlkampf-neukoelln-gewaltaufruf-israel-10342267\" target=\"_blank\" rel=\"noopener\">Berliner Zeitung<\/a>).<\/span><\/li>\n<\/ul>\n<p style=\"text-align: left;\"><strong><span style=\"color: #000000;\">Kritische Infrastruktur und Cyber<\/span><\/strong><\/p>\n<ul>\n<li style=\"text-align: left;\"><span style=\"color: #000000;\">Drohnen in Leipzig: Berlin macht offenbar Moskau verantwortlich (<a href=\"https:\/\/orf.at\/stories\/3440622\/\" target=\"_blank\" rel=\"noopener\">ORF<\/a>).<\/span><\/li>\n<li style=\"text-align: left;\"><span style=\"color: #000000;\">Nach Drohnen-Anschlag in Leipzig: Merz plant offenbar Ma\u00dfnahmen gegen Russland (<a href=\"https:\/\/de.euronews.com\/my-europe\/2026\/08\/29\/drohnen-anschlag-leipzig-merz-massnahmen-russland\" target=\"_blank\" rel=\"noopener\">Euronews<\/a>).<\/span><\/li>\n<li style=\"text-align: left;\"><span style=\"color: #000000;\">Drohnenwahn in der Alpenrepublik (<a href=\"https:\/\/jungefreiheit.de\/wissen\/natur-und-technik\/2026\/drohnenwahn-in-der-alpenrepublik\/\" target=\"_blank\" rel=\"noopener\">Junge Freiheit<\/a>).<\/span><\/li>\n<\/ul>\n<p style=\"text-align: left;\"><strong><span style=\"color: #000000;\">Energie, Wirtschaft und Arbeitsmarkt<\/span><\/strong><\/p>\n<ul>\n<li style=\"text-align: left;\"><span style=\"color: #000000;\">Deutschland droht Gasspeicherziel zu verfehlen, Industrie bangt vor kaltem Winter (<a href=\"https:\/\/de.euronews.com\/business\/2026\/08\/29\/deutschland-droht-gasspeicherziel-zu-verfehlen-industrie-bangt-vor-kaltem-winter\" target=\"_blank\" rel=\"noopener\">Euronews<\/a>).<\/span><\/li>\n<li style=\"text-align: left;\"><span style=\"color: #000000;\">AKW Saporischschja ohne externe Stromversorgung (<a href=\"https:\/\/orf.at\/stories\/3440638\/\" target=\"_blank\" rel=\"noopener\">ORF<\/a>).<\/span><\/li>\n<li style=\"text-align: left;\"><span style=\"color: #000000;\">Strompreise in Deutschland geh\u00f6rten zu den h\u00f6chsten weltweit \u2013 vor allem aus einem Grund (<a href=\"https:\/\/www.schwaebische.de\/wirtschaft\/deutschland-hat-unter-g20-staaten-die-hoechsten-strompreise-4818157\" target=\"_blank\" rel=\"noopener\">Schw\u00e4bische<\/a>).<\/span><\/li>\n<li style=\"text-align: left;\"><span style=\"color: #000000;\">Wie der Staat B\u00fcrokratieabbau und Produktivit\u00e4t ausbremst (<a href=\"https:\/\/jungefreiheit.de\/wirtschaft\/2026\/wie-der-staat-buerokratieabbau-und-produktivitaet-ausbremst\/\" target=\"_blank\" rel=\"noopener\">Junge Freiheit<\/a>).<\/span><\/li>\n<\/ul>\n<p style=\"text-align: left;\"><strong><span style=\"color: #000000;\">Umwelt und Gesundheit<\/span><\/strong><\/p>\n<ul>\n<li style=\"text-align: left;\"><span style=\"color: #000000;\">Erneute Demonstration gegen Massentourismus auf Mallorca (<a href=\"https:\/\/www.schwaebische.de\/panorama\/erneute-demonstration-gegen-massentourismus-auf-mallorca-4818968\" target=\"_blank\" rel=\"noopener\">Schw\u00e4bische<\/a>).<\/span><\/li>\n<li style=\"text-align: left;\"><span style=\"color: #000000;\">Rekord an Hitzetoten in den Monaten Juni und Juli (<a href=\"https:\/\/orf.at\/stories\/3440640\/\" target=\"_blank\" rel=\"noopener\">ORF<\/a>).<\/span><\/li>\n<li style=\"text-align: left;\"><span style=\"color: #000000;\">Zahl der Toten nach Himalaya-Sturzflut steigt auf 750 (<a href=\"https:\/\/www.nau.ch\/news\/ausland\/nepal-warnt-vor-weiterer-flut-im-katastrophengebiet-67168131\" target=\"_blank\" rel=\"noopener\">nau.ch<\/a>).<\/span><\/li>\n<li style=\"text-align: left;\"><span style=\"color: #000000;\">Unwetter auf Zypern: Yacht vom Sturm gegen Felsen geschleudert (<a href=\"https:\/\/de.euronews.com\/my-europe\/2026\/08\/29\/unwetter-zypern-mann-blitz-chaos\" target=\"_blank\" rel=\"noopener\">Euronews<\/a>).<\/span><\/li>\n<\/ul>\n<h5 style=\"text-align: left;\"><strong><span style=\"color: #000000;\">Blackout- &amp; Sabotage Watch<\/span><\/strong><\/h5>\n<p style=\"text-align: left;\"><span style=\"color: #000000;\"><strong>Teil A \u2013 Versorgungsst\u00f6rungen.<\/strong> Der Schwerpunkt des Fensters liegt beim Trinkwasser. Im Landkreis Rosenheim gilt seit dem 28. August eine Abkochverf\u00fcgung f\u00fcr die Gemeinde Riedering (83083) mit rund 47 Ortsteilen sowie f\u00fcr die Ortsteile Asbichl, Hirnsberg, Holzen und Ulperting von Bad Endorf (83093); Anlass ist eine bei einer Routineuntersuchung entdeckte mikrobiologische Verunreinigung, der Keim wird in der belegbaren Quelle nicht benannt, das Netz wird auf mindestens 0,1 Milligramm je Liter gechlort. Die Zahl der Betroffenen ist nicht belegt \u2013 die kursierende Angabe von rund 20.000 Menschen stammt aus einer anderen Abkochverf\u00fcgung desselben Landratsamts vom 26. November 2024 und geh\u00f6rt nicht zu diesem Vorgang. Im Landkreis M\u00e4rkisch-Oderland gilt ab dem 29. August ein Abkochgebot f\u00fcr elf Gemeinden im Oderbruch, darunter Alt Tucheband, Golzow (15328), K\u00fcstrin-Kietz und Manschnow, wegen coliformer Bakterien; eine amtliche Mitteilung des Landkreises zu genau diesem Vorgang war am Stichtag nicht auffindbar, Umfang und Versorger bleiben offen. F\u00fcr einen Teilort von Bonndorf im Bodenseekreis meldet ein Fachportal am 28. August ein Abkochgebot wegen mikrobiologischer Verunreinigung ohne Angabe von Umfang, Versorger und Beh\u00f6rde. In Landshut (84034) brach am 28. August um 11.34 Uhr an der Kl\u00f6tzlm\u00fcllerstra\u00dfe eine Wasserleitung, besch\u00e4digt bei Bauarbeiten; die Stadtwerke stellten die Versorgung bis zum Abend wieder her, ohne die Zahl der betroffenen Haushalte zu nennen. Beim Strom liegt im Fenster keine belegte gr\u00f6\u00dfere St\u00f6rung in Deutschland oder im deutschsprachigen Raum vor. Die rund 50 Eintr\u00e4ge, die zwischen dem 28. und 30. August \u00fcber Betreiberfeeds liefen \u2013 unter anderem Bad Lauterberg im Harz (37431, Harz Energie Netz, geplante Wartung am 28. August von 08.30 bis 12.00 Uhr) und Bremen-Walle (28219, wesernetz Bremen, Instandhaltung am 29. August von 08.00 bis 16.00 Uhr) \u2013, sind automatisch erzeugt: Sie belegen das Vorliegen einer Betreibermeldung, nicht deren Umfang, Dauer oder Ursache, und ein Gro\u00dfteil betrifft geplante Arbeiten, keine Ausf\u00e4lle. Aus dem Bereich Vorsorge liegt eine Meldung vor: Die Gemeinde S\u00fcdheide im Landkreis Celle richtet im B\u00fcrgerhaus Unterl\u00fc\u00df (29345) und im Dorfgemeinschaftshaus Baven zwei Katastrophenschutz-Leuchtt\u00fcrme ein; die Vereinbarung mit dem \u00f6rtlichen Roten Kreuz wurde am 26. August unterzeichnet und am 27. August ver\u00f6ffentlicht, finanziert mit bis zu 120.000 Euro aus dem nieders\u00e4chsischen Pakt f\u00fcr kommunale Investitionen. Weiterf\u00fchrend: Stromausfall-Live-Karte und interaktive St\u00f6rungskarte sowie die Fundstelle im Monitor unter infodienst.info.<\/span><\/p>\n<p style=\"text-align: left;\"><span style=\"color: #000000;\"><strong>Teil B \u2013 Sabotage.<\/strong> Nach einer Pressemeldung des Polizeipr\u00e4sidiums Aalen vom 30. August, 15.32 Uhr, legten unbekannte Personen am Samstag, dem 29. August, zwischen 19.45 und 20.10 Uhr eine Eisenkette um eine Schiene des eingleisigen Abschnitts der Oberen Jagstbahn auf H\u00f6he von Ellwangen-Rindelbach (73479). Ein Regionalexpress von Crailsheim nach Stuttgart \u00fcberfuhr die Kette gegen 20:20 Uhr; der Zug blieb unbesch\u00e4digt, an der Schiene entstand ein Schaden von rund 10.000 Euro. Die Feuerwehr Ellwangen leuchtete die Stelle mit zwei Fahrzeugen und sieben Kr\u00e4ften aus, die Streckensperrung wurde um 01.20 Uhr aufgehoben \u2013 rund f\u00fcnf Stunden Unterbrechung. Die Kriminalpolizei ermittelt wegen gef\u00e4hrlichen Eingriffs in den Bahnverkehr; die Fachinspektion Staatsschutz ist nicht genannt, ein Bekennerschreiben liegt nicht vor. Attributionsstufe offen: Eine Einordnung als hybride Kriegf\u00fchrung oder als extremistische Tat ist durch die Quellenlage nicht gedeckt. Der zweite Vorschlag \u2013 mit Stahl pr\u00e4parierte Maispflanzen \u2013 ist in der Sache belegt, aber nicht am angegebenen Ort und nicht im Fenster: Die einschl\u00e4gige Polizeimeldung stammt vom Polizeipr\u00e4sidium Ulm vom 20. August und betrifft einen Vorfall vom 19. August in Tannheim im Landkreis Biberach (88459), wo an mehreren Maisst\u00e4ngeln Edelstahlstangen befestigt waren und an einem Maish\u00e4cksler ein Schaden von mehreren zehntausend Euro entstand. Ein s\u00e4chsischer Fall lie\u00df sich trotz gezielter Suche nicht belegen; Vergleichsf\u00e4lle bei Paderborn (2024) und in Gescher (2021) liegen weit zur\u00fcck, T\u00e4ter und Motiv sind in allen F\u00e4llen unbekannt. Zur Musterpr\u00fcfung im Fenster: Der Sabotageverdacht an der Bahnstrecke zwischen Backnang und Maubach \u2013 am Sonntagnachmittag des 23. August wurden in einem Betonschacht mehrere Kabel durchtrennt, mit Folgen f\u00fcr Bahnsignale sowie Internet- und Telefonversorgung in Backnang \u2013 ist unver\u00e4ndert offen; im Fenster erschien dazu nur eine zusammenfassende Wiedergabe ohne neue Ermittlungsfakten. Am 25. August nahm die Generalstaatsanwaltschaft Hamburg auf europ\u00e4ischen Haftbefehl einen 26-j\u00e4hrigen Letten fest, der zusammen mit zwei in der Slowakei Festgenommenen einen Brandanschlag auf das Werk des ukrainischen Drohnenherstellers Skyeton bei Ko\u0161ice vorbereitet haben soll; gefunden wurden gr\u00f6\u00dfere Mengen eines napalm\u00e4hnlichen Brandgemisches. Die vertiefende Berichterstattung datiert auf den 28. August und liegt damit im Fenster; die Tat soll im Auftrag nicht genannter Dritter vorbereitet worden sein \u2013 eine amtliche Zuschreibung an einen Staat liegt nicht vor, die Einordnung in eine Sabotageserie gegen europ\u00e4ische R\u00fcstungszulieferer ist journalistisch. Der Vorgang am Flughafen Leipzig\/Halle steht in der Priorit\u00e4tenliste; neue Ermittlungsmeldungen gab es nicht.<\/span><\/p>\n<p style=\"text-align: left;\"><span style=\"font-size: 8pt; color: #000000;\">\u00a9 infodienst Krisenticker. Foto: Pixabay. Hinweis: Bei der Recherche und Analyse dieses Beitrags wurde unterst\u00fctzend KI eingesetzt. Die redaktionelle Verantwortung f\u00fcr den Inhalt liegt bei der Redaktion. Alle Rechte vorbehalten, all rights reserved. Nachdruck und Weitergabe an Dritte untersagt.<\/span><\/p>\n","protected":false},"excerpt":{"rendered":"<p>1. Der Speicher f\u00fcllt sich langsamer, als es jedes der genannten Ziele verlangt Die europ\u00e4ische Transparenzplattform AGSI+ der Gas Infrastructure Europe weist f\u00fcr den 29. August einen F\u00fcllstand der deutschen Gasspeicher von 52,51 Prozent aus, 17,8 Prozentpunkte unter dem Wert desselben Vorjahresdatums; Ende August 2025 standen die Speicher bei rund 70,3, im August 2024 bei&nbsp;&hellip;<\/p>\n","protected":false},"author":1,"featured_media":2366062,"comment_status":"closed","ping_status":"open","sticky":false,"template":"","format":"standard","meta":{"footnotes":""},"categories":[498],"tags":[],"class_list":["post-2365858","post","type-post","status-publish","format-standard","has-post-thumbnail","hentry","category-krisenticker"],"_links":{"self":[{"href":"https:\/\/infodienst.info\/index.php?rest_route=\/wp\/v2\/posts\/2365858","targetHints":{"allow":["GET"]}}],"collection":[{"href":"https:\/\/infodienst.info\/index.php?rest_route=\/wp\/v2\/posts"}],"about":[{"href":"https:\/\/infodienst.info\/index.php?rest_route=\/wp\/v2\/types\/post"}],"author":[{"embeddable":true,"href":"https:\/\/infodienst.info\/index.php?rest_route=\/wp\/v2\/users\/1"}],"replies":[{"embeddable":true,"href":"https:\/\/infodienst.info\/index.php?rest_route=%2Fwp%2Fv2%2Fcomments&post=2365858"}],"version-history":[{"count":5,"href":"https:\/\/infodienst.info\/index.php?rest_route=\/wp\/v2\/posts\/2365858\/revisions"}],"predecessor-version":[{"id":2365999,"href":"https:\/\/infodienst.info\/index.php?rest_route=\/wp\/v2\/posts\/2365858\/revisions\/2365999"}],"wp:featuredmedia":[{"embeddable":true,"href":"https:\/\/infodienst.info\/index.php?rest_route=\/wp\/v2\/media\/2366062"}],"wp:attachment":[{"href":"https:\/\/infodienst.info\/index.php?rest_route=%2Fwp%2Fv2%2Fmedia&parent=2365858"}],"wp:term":[{"taxonomy":"category","embeddable":true,"href":"https:\/\/infodienst.info\/index.php?rest_route=%2Fwp%2Fv2%2Fcategories&post=2365858"},{"taxonomy":"post_tag","embeddable":true,"href":"https:\/\/infodienst.info\/index.php?rest_route=%2Fwp%2Fv2%2Ftags&post=2365858"}],"curies":[{"name":"wp","href":"https:\/\/api.w.org\/{rel}","templated":true}]}}