{"id":123311,"date":"2025-02-19T19:07:08","date_gmt":"2025-02-19T18:07:08","guid":{"rendered":"https:\/\/infodienst.info\/?p=123311"},"modified":"2025-07-24T17:41:03","modified_gmt":"2025-07-24T15:41:03","slug":"niedrige-globale-arbeitslosigkeit-wird-nicht-von-dauer-sein","status":"publish","type":"post","link":"https:\/\/infodienst.info\/?p=123311","title":{"rendered":"Niedrige globale Arbeitslosigkeit wird nicht von Dauer sein"},"content":{"rendered":"<p style=\"text-align: left;\"><span style=\"color: #000000;\">Die Internationale Arbeitsorganisation<\/span> (<a href=\"https:\/\/www.ilo.org\/publications\/flagship-reports\/world-employment-and-social-outlook-trends-2025\">International Labour Organization<\/a>, <span style=\"color: #000000;\">ILO) in Genf kommt in ihrer Trendprognose f\u00fcr 2025 zum Ergebnis, dass sowohl in L\u00e4ndern mit niedrigem als auch mit hohem Einkommen die Arbeitslosenquoten wieder ansteigen werden.<\/span><\/p>\n<p style=\"text-align: left;\"><span style=\"color: #000000;\">Im Jahr 2024 trugen die Konflikte in der Ukraine und im Nahen Osten sowie eine straffe Geldpolitik zu einer Abschw\u00e4chung der Weltwirtschaft bei. Dennoch blieb die globale Arbeitslosigkeit stabil bei 5,1 Prozent, dem niedrigsten Stand seit Jahrzehnten. Die weltweite Jugendarbeitslosigkeit war dagegen mit 12,6 Prozent weiterhin hoch. Informelle Arbeit und Arbeitsarmut erreichten wieder das Niveau von vor der \u00bbCorona-Pandemie\u00ab, wobei L\u00e4nder mit niedrigem Einkommen die gr\u00f6\u00dften Schwierigkeiten bei der Schaffung menschenw\u00fcrdiger Arbeitspl\u00e4tze haben.<\/span><\/p>\n<p><img loading=\"lazy\" decoding=\"async\" class=\"alignnone size-full wp-image-123319\" src=\"https:\/\/infodienst.info\/wp-content\/uploads\/2025\/02\/Global-unemployment-rates.png\" alt=\"\" width=\"1920\" height=\"1570\" srcset=\"https:\/\/infodienst.info\/wp-content\/uploads\/2025\/02\/Global-unemployment-rates.png 1920w, https:\/\/infodienst.info\/wp-content\/uploads\/2025\/02\/Global-unemployment-rates-300x245.png 300w, https:\/\/infodienst.info\/wp-content\/uploads\/2025\/02\/Global-unemployment-rates-1024x837.png 1024w, https:\/\/infodienst.info\/wp-content\/uploads\/2025\/02\/Global-unemployment-rates-768x628.png 768w, https:\/\/infodienst.info\/wp-content\/uploads\/2025\/02\/Global-unemployment-rates-1536x1256.png 1536w, https:\/\/infodienst.info\/wp-content\/uploads\/2025\/02\/Global-unemployment-rates-1232x1007.png 1232w, https:\/\/infodienst.info\/wp-content\/uploads\/2025\/02\/Global-unemployment-rates-1321x1080.png 1321w\" sizes=\"auto, (max-width: 1920px) 100vw, 1920px\" \/><\/p>\n<p style=\"text-align: left;\"><span style=\"color: #000000;\">Die weltweite Besch\u00e4ftigungsl\u00fccke \u2013 die gesch\u00e4tzte Zahl der Menschen, die gerne arbeiten w\u00fcrden, aber keine Arbeit haben oder finden \u2013 erreichte 2024 eine H\u00f6he von 402 Millionen. Darunter befanden sich 186 Millionen Arbeitslose, weitere 137 Millionen, die sich erfolglos bewarben, sowie 79 Millionen Menschen, die gerne arbeiten w\u00fcrden, aber aufgrund von Verpflichtungen, wie z.B. der Pflege von Angeh\u00f6rigen, daran gehindert wurden.<\/span><\/p>\n<p style=\"text-align: left;\"><span style=\"color: #000000;\">In Europa und Ostasien sanken die Arbeitslosenquoten, da sich die Volkswirtschaften weiter von der Pandemie erholten und sich an Handelsbeschr\u00e4nkungen und Sanktionen gegen Russland anpassten. Dieser R\u00fcckgang glich einen starken Anstieg der Arbeitslosigkeit in den USA aus, der durch den hohen Leitzins der Federal Reserve, die schwache Nachfrage und die geringere Einstellungsquote bedingt war.<\/span><\/p>\n<p style=\"text-align: left;\"><span style=\"color: #000000;\">Mit Blick auf die weitere Entwicklung geht die Internationale Arbeitsorganisation nicht davon aus, dass die Arbeitslosigkeit so niedrig bleiben wird. Sowohl in L\u00e4ndern mit niedrigem als auch mit hohem Einkommen ist bereits ein Trend in Richtung ansteigender Arbeitslosenzahlen zu erkennen. Trotz des Besch\u00e4ftigungswachstums sind die Reall\u00f6hne in vielen L\u00e4ndern aufgrund der anhaltend hohen Inflation gesunken. Die ILO sieht keine unmittelbaren Faktoren, die die zuk\u00fcnftigen Arbeitsmarktrisiken auffangen oder abmildern k\u00f6nnten.<\/span><\/p>\n<p style=\"text-align: left;\"><span style=\"font-size: 8pt; color: #000000;\"><small>\u00a9 \u203aInfodienst fut\u016brum\u2039. Alle Rechte vorbehalten, all rights reserved. Nachdruck und Weitergabe an Dritte untersagt.<\/small><\/span><\/p>\n","protected":false},"excerpt":{"rendered":"<p>Die Internationale Arbeitsorganisation (International Labour Organization, ILO) in Genf kommt in ihrer Trendprognose f\u00fcr 2025 zum Ergebnis, dass sowohl in L\u00e4ndern mit niedrigem als auch mit hohem Einkommen die Arbeitslosenquoten wieder ansteigen werden. Im Jahr 2024 trugen die Konflikte in der Ukraine und im Nahen Osten sowie eine straffe Geldpolitik zu einer Abschw\u00e4chung der Weltwirtschaft&nbsp;&hellip;<\/p>\n","protected":false},"author":1,"featured_media":123320,"comment_status":"closed","ping_status":"open","sticky":false,"template":"","format":"standard","meta":{"footnotes":""},"categories":[75,76,27,29],"tags":[357],"class_list":["post-123311","post","type-post","status-publish","format-standard","has-post-thumbnail","hentry","category-arbeitslosigkeit","category-arbeitsplatz","category-soziales","category-wirtschaft","tag-ilo"],"_links":{"self":[{"href":"https:\/\/infodienst.info\/index.php?rest_route=\/wp\/v2\/posts\/123311","targetHints":{"allow":["GET"]}}],"collection":[{"href":"https:\/\/infodienst.info\/index.php?rest_route=\/wp\/v2\/posts"}],"about":[{"href":"https:\/\/infodienst.info\/index.php?rest_route=\/wp\/v2\/types\/post"}],"author":[{"embeddable":true,"href":"https:\/\/infodienst.info\/index.php?rest_route=\/wp\/v2\/users\/1"}],"replies":[{"embeddable":true,"href":"https:\/\/infodienst.info\/index.php?rest_route=%2Fwp%2Fv2%2Fcomments&post=123311"}],"version-history":[{"count":3,"href":"https:\/\/infodienst.info\/index.php?rest_route=\/wp\/v2\/posts\/123311\/revisions"}],"predecessor-version":[{"id":630639,"href":"https:\/\/infodienst.info\/index.php?rest_route=\/wp\/v2\/posts\/123311\/revisions\/630639"}],"wp:featuredmedia":[{"embeddable":true,"href":"https:\/\/infodienst.info\/index.php?rest_route=\/wp\/v2\/media\/123320"}],"wp:attachment":[{"href":"https:\/\/infodienst.info\/index.php?rest_route=%2Fwp%2Fv2%2Fmedia&parent=123311"}],"wp:term":[{"taxonomy":"category","embeddable":true,"href":"https:\/\/infodienst.info\/index.php?rest_route=%2Fwp%2Fv2%2Fcategories&post=123311"},{"taxonomy":"post_tag","embeddable":true,"href":"https:\/\/infodienst.info\/index.php?rest_route=%2Fwp%2Fv2%2Ftags&post=123311"}],"curies":[{"name":"wp","href":"https:\/\/api.w.org\/{rel}","templated":true}]}}