{"id":1154240,"date":"2025-12-04T13:31:41","date_gmt":"2025-12-04T12:31:41","guid":{"rendered":"https:\/\/infodienst.info\/?p=1154240"},"modified":"2025-12-04T13:31:41","modified_gmt":"2025-12-04T12:31:41","slug":"wird-der-sahel-weltweite-dschihadistenhochburg","status":"publish","type":"post","link":"https:\/\/infodienst.info\/?p=1154240","title":{"rendered":"Wird der Sahel weltweite \u00bbDschihadistenhochburg\u00ab?"},"content":{"rendered":"<p style=\"text-align: left;\"><span style=\"color: #000000;\">In den vergangenen Jahren hat sich die Sahelzone zu einem der dynamischsten und zugleich gef\u00e4hrlichsten Schaupl\u00e4tze dschihadistischer Mobilisierung au\u00dferhalb des Nahen Ostens entwickelt. Die Eskalation ist kein singul\u00e4res Ph\u00e4nomen: Burkina Faso, Niger und angrenzende Regionen \u2013 insbesondere jedoch Nigeria und Mali \u2013 verzeichnen seit 2022 eine starke Zunahme bewaffneter Gruppen, die lokale Konflikte sch\u00fcren, Entf\u00fchrungen begehen und Angriffe auf die lokalen Sicherheitskr\u00e4fte ver\u00fcben.<\/span><\/p>\n<h5 style=\"text-align: left;\"><strong><span style=\"color: #000000;\">Wie das Machtvakuum im Sahel die Gewalt eskaliert<\/span><\/strong><\/h5>\n<p style=\"text-align: left;\"><span style=\"color: #000000;\">Zentrales Element dieser Entwicklung war das Entstehen eines strukturellen Machtvakuums \u2013 beg\u00fcnstigt durch den Abzug westlicher Truppen, interne Milit\u00e4rputsche und eine dauerhaft schwache Pr\u00e4senz der Zentralregierungen in weiten Teilen ihrer L\u00e4nder.<\/span><\/p>\n<p style=\"text-align: left;\"><span style=\"color: #000000;\">In Mali etwa haben die Sicherheitsgremien in den vergangenen Monaten wiederholt vor einer rapiden Verschlechterung der Lage gewarnt. Die lokalen Verwaltungen sind vielerorts faktisch handlungsunf\u00e4hig. \u00c4hnlich alarmierend ist die Situation in Nigeria: dort zwingen Entf\u00fchrungen und koordinierte Angriffe den nigerianischen Pr\u00e4sidenten Bola Tinubu zur Ausrufung eines landesweiten Sicherheitsnotstands, verbunden mit einer massiven Aufstockung von Polizei- und Milit\u00e4rkr\u00e4ften.<\/span><\/p>\n<p style=\"text-align: left;\"><span style=\"color: #000000;\">Diese Entwicklungen treffen auf ein sozio\u00f6konomisches Gef\u00fcge, das anf\u00e4llig f\u00fcr eine dschihadistische Rekrutierung ist: junge, marginalisierte Menschen, zerfallende staatliche Dienstleistungen und wachsende Klimabelastungen schaffen ein Potenzial an Missmut, das Extremisten bereitwillig ausnutzen.<\/span><\/p>\n<p style=\"text-align: left;\"><span style=\"color: #000000;\">Die dschihadistischen Netzwerke selbst operieren inzwischen \u00bbheterarchisch\u00ab (selbststeuernd), also gleichberechtigt und dezentral: lokale Milizen kn\u00fcpfen taktische Allianzen mit transnationalen Akteuren, tauschen K\u00e4mpfer und Methoden aus und nutzen moderne Kommunikationswege f\u00fcr die Rekrutierung und Propaganda. Die Finanzierung erfolgt oft durch Viehdiebstahl, Entf\u00fchrungen und Geiselnahmen, L\u00f6segelderpressungen sowie die Kontrolle der Schmuggelrouten und des illegalen Handels \u2013 was den Gruppen eine recht stabile materielle Basis verschafft.<\/span><\/p>\n<p style=\"text-align: center;\"><img loading=\"lazy\" decoding=\"async\" class=\"alignnone size-full wp-image-2143\" src=\"https:\/\/aeon-z.org\/wp-content\/uploads\/2025\/12\/Sahelzone.jpg\" alt=\"\" width=\"1080\" height=\"1080\" \/><\/p>\n<p style=\"text-align: left;\"><span style=\"color: #000000;\">Au\u00dferdem hat die Abkehr einiger Sahell\u00e4nder von traditionellen westlichen Partnern und die Suche nach neuen externen Sicherheitsgarantien (etwa private Milit\u00e4rdienstleister) die geopolitische Lage weiter verkompliziert. Die Folge ist nicht nur ein lokaler Sicherheitsverlust, sondern die Ausweitung gewaltsamer Strukturen, die grenz\u00fcberschreitend wirken: terroristische Angriffswellen, Fl\u00fcchtlingsstr\u00f6me und die Verlagerung krimineller \u00d6konomien betreffen inzwischen auch die westafrikanischen K\u00fcstenstaaten. Die humanit\u00e4ren Folgen sind massiv: Hunderttausende Binnenfl\u00fcchtlinge, \u00fcberforderte Nachbarstaaten und eine explosive demografische Entwicklung, die mittel- und langfristig jede Gesellschaft destabilisieren.<\/span><\/p>\n<p style=\"text-align: left;\"><span style=\"color: #000000;\">Die Antwort der Staaten bleibt zwiesp\u00e4ltig. Einige Regierungen setzen auf verst\u00e4rkte Milit\u00e4rpr\u00e4senz und Notstandsdekrete, andere auf internationale Kooperationen \u2013 doch viele Ma\u00dfnahmen wirken reaktiv, nicht pr\u00e4ventiv. Internationale Sicherheitsexperten betonen, dass allein milit\u00e4rische L\u00f6sungen nicht ausreichen: Langfristige Stabilit\u00e4t erfordert Investitionen in Rechtstaatlichkeit, in die lokale Verwaltung, wirtschaftliche Chancen f\u00fcr die breite Bev\u00f6lkerung, vor allem f\u00fcr die Jugend \u2013 sowie \u00fcberf\u00e4llige Vers\u00f6hnungsprozesse.<\/span><\/p>\n<p style=\"text-align: left;\"><span style=\"color: #000000;\">Gleichzeitig zeigt die Erfahrung der letzten Jahre, dass externe milit\u00e4rische Pr\u00e4senz ohne R\u00fcckbindung an legitime lokale Institutionen kaum nachhaltig ist. Der umstrittene Abzug franz\u00f6sischer und anderer ausl\u00e4ndischer Truppen hat das Vertrauen in solche Partnerschaften untergraben. F\u00fcr Regionen wie Nord-Mali oder die n\u00f6rdlichen Teile Nigerias (mit den Terrorgruppen Boko Haram und \u203aIslamic State \u2013 West Africa Province\u2039) bedeutet das: Wenn die Zentralstaaten unf\u00e4hig zur Wiederherstellung einer effektiven, regelbasierten Regierungsf\u00fchrung sind, schaffen nichtstaatliche Akteure parallele Ordnungen \u2013 mit all den Risiken f\u00fcr Menschenrechte und Sicherheit.<\/span><\/p>\n<p style=\"text-align: left;\"><span style=\"color: #000000;\">Welche Szenarien sind nun wahrscheinlich? Kurzfristig ist mit einer Fortsetzung lokaler Gewaltausbr\u00fcche und punktuellen Machtverschiebungen zu rechnen, begleitet von weiteren Fluchtbewegungen und einer Verknappung staatlicher Ressourcen.<\/span><\/p>\n<p style=\"text-align: left;\"><span style=\"color: #000000;\">Mittelfristig besteht die realistische Gefahr, dass dschihadistische Milizen in bestimmten Korridoren mehr territoriale Kontrolle erlangen \u2013 nicht unbedingt in Gestalt einer klassischen Staatsgr\u00fcndung, wohl aber als parallele Ordnung mit autonom operierenden Machthabern. Langfristig sind zwei Entwicklungspfade denkbar: Entweder gelingt es einer koordinierten internationalen und lokalen Strategie, die staatliche Regierungsf\u00e4higkeit wiederherzustellen und \u00f6konomische Perspektiven zu er\u00f6ffnen; oder die Region zerbricht in fragmentierte Zonen, in denen irregul\u00e4re bewaffnete Gruppen dauerhafte Einflusszonen errichten.<\/span><\/p>\n<h5 style=\"text-align: left;\"><strong><span style=\"color: #000000;\">Der Preis des Nichthandelns: dauerhafte Destabilisierung<\/span><\/strong><\/h5>\n<p style=\"text-align: left;\"><span style=\"color: #000000;\">F\u00fcr Politik und \u00d6ffentlichkeit hei\u00dft das: Pr\u00e4vention ist teurer als Intervention \u2013 doch legitime, inklusiv verankerte L\u00f6sungen sind die einzige nachhaltige Versicherung gegen die Entstehung dauerhafter Dschihadistenhochburgen in Afrika mit m\u00f6glicherweise gravierenden Auswirkungen bis nach Zentraleuropa.<\/span><\/p>\n<p style=\"text-align: left;\"><span style=\"color: #000000;\">Die Sahelzone ist 2025 ein sicherheitspolitischer Brennpunkt, weil staatliche Schw\u00e4che, geopolitische Verschiebungen und \u00f6konomische Notlagen zusammenkommen; die Abkehr westlicher Milit\u00e4rpr\u00e4senz hat kurzfristig R\u00e4ume ge\u00f6ffnet, die bewaffnete Verbrecher- und Terrorgruppen umgehend ausnutzten. Rein milit\u00e4rische Reaktionen ohne sozio\u00f6konomische und rechtsstaatlich fundierte Begleitma\u00dfnahmen werden die Gefahr nicht bannen.<\/span><\/p>\n<p style=\"text-align: left;\"><span style=\"color: #000000;\">Wahrscheinliche Zukunftsaussichten: Ohne einen umfassenden, l\u00e4nder\u00fcbergreifenden Politikwechsel \u2013 national wie international \u2013 bleibt die Aussicht, dass sich Teile des Sahel zu dauerhaft umk\u00e4mpften Einflusszonen islamextremistischer Gruppen verfestigen. Mit gezielten Investitionen in die lokale Verwaltung, Sicherheitspartnerschaften, Klimaanpassung, Deradikalisierung und die gesellschaftliche Wiedereingliederung einer \u00bbverlorenen Jugend\u00ab w\u00e4re eine Stabilisierung m\u00f6glicher- und ansatzweise erreichbar. Wie realistisch und \u00fcberhaupt erfolgreich dies ist oder sein k\u00f6nnte, muss momentan unbeantwortet bleiben \u2026<\/span><\/p>\n<p style=\"text-align: left;\"><span style=\"font-size: 8pt; color: #000000;\"><small>\u00a9 \u00c6ON-Z e.V. Thinktank. Hinweis: Bei der Recherche und Analyse dieses Beitrags wurde unterst\u00fctzend K\u00fcnstliche Intelligenz eingesetzt. Die redaktionelle Verantwortung f\u00fcr den Inhalt liegt bei der Redaktion. Alle Rechte vorbehalten, all rights reserved. Nachdruck und Weitergabe an Dritte untersagt.<\/small><\/span><\/p>\n","protected":false},"excerpt":{"rendered":"<p>In den vergangenen Jahren hat sich die Sahelzone zu einem der dynamischsten und zugleich gef\u00e4hrlichsten Schaupl\u00e4tze dschihadistischer Mobilisierung au\u00dferhalb des Nahen Ostens entwickelt. Die Eskalation ist kein singul\u00e4res Ph\u00e4nomen: Burkina Faso, Niger und angrenzende Regionen \u2013 insbesondere jedoch Nigeria und Mali \u2013 verzeichnen seit 2022 eine starke Zunahme bewaffneter Gruppen, die lokale Konflikte sch\u00fcren, Entf\u00fchrungen&nbsp;&hellip;<\/p>\n","protected":false},"author":1,"featured_media":1154241,"comment_status":"closed","ping_status":"open","sticky":false,"template":"","format":"standard","meta":{"footnotes":""},"categories":[22,281,283,24,288],"tags":[],"class_list":["post-1154240","post","type-post","status-publish","format-standard","has-post-thumbnail","hentry","category-geopolitik","category-guerillakrieg","category-hybridkrieg","category-islam","category-zukunft"],"_links":{"self":[{"href":"https:\/\/infodienst.info\/index.php?rest_route=\/wp\/v2\/posts\/1154240","targetHints":{"allow":["GET"]}}],"collection":[{"href":"https:\/\/infodienst.info\/index.php?rest_route=\/wp\/v2\/posts"}],"about":[{"href":"https:\/\/infodienst.info\/index.php?rest_route=\/wp\/v2\/types\/post"}],"author":[{"embeddable":true,"href":"https:\/\/infodienst.info\/index.php?rest_route=\/wp\/v2\/users\/1"}],"replies":[{"embeddable":true,"href":"https:\/\/infodienst.info\/index.php?rest_route=%2Fwp%2Fv2%2Fcomments&post=1154240"}],"version-history":[{"count":1,"href":"https:\/\/infodienst.info\/index.php?rest_route=\/wp\/v2\/posts\/1154240\/revisions"}],"predecessor-version":[{"id":1154242,"href":"https:\/\/infodienst.info\/index.php?rest_route=\/wp\/v2\/posts\/1154240\/revisions\/1154242"}],"wp:featuredmedia":[{"embeddable":true,"href":"https:\/\/infodienst.info\/index.php?rest_route=\/wp\/v2\/media\/1154241"}],"wp:attachment":[{"href":"https:\/\/infodienst.info\/index.php?rest_route=%2Fwp%2Fv2%2Fmedia&parent=1154240"}],"wp:term":[{"taxonomy":"category","embeddable":true,"href":"https:\/\/infodienst.info\/index.php?rest_route=%2Fwp%2Fv2%2Fcategories&post=1154240"},{"taxonomy":"post_tag","embeddable":true,"href":"https:\/\/infodienst.info\/index.php?rest_route=%2Fwp%2Fv2%2Ftags&post=1154240"}],"curies":[{"name":"wp","href":"https:\/\/api.w.org\/{rel}","templated":true}]}}